[{"@context":"https:\/\/schema.org\/","@type":"Article","@id":"https:\/\/www.diston.cz\/jak-by-mela-vypadat-kuchyn\/#Article","mainEntityOfPage":"https:\/\/www.diston.cz\/jak-by-mela-vypadat-kuchyn\/","headline":"Jak by m\u011bla vypadat kuchy\u0148?","name":"Jak by m\u011bla vypadat kuchy\u0148?","description":"Za\u0159\u00eddit si kuchy\u0148 zcela podle sv\u00fdch p\u0159edstav je dobr\u00fd po\u010din, i kdy\u017e m\u016f\u017ee l\u00e9zt do pen\u011bz. V tomto p\u0159\u00edpad\u011b se ale \u0161et\u0159it nevyplat\u00ed, jeliko\u017e se jedn\u00e1 o m\u00edstnost, kde se nejen va\u0159\u00ed a konzumuje j\u00eddlo, ale \u010dasto si sem vod\u00edme i n\u00e1v\u0161t\u011bvy. Proto by m\u011bla b\u00fdt kuchy\u0148 nejen pln\u011b funk\u010dn\u00ed,&hellip; ","datePublished":"2025-03-06","dateModified":"2025-03-06","author":{"@type":"Person","@id":"https:\/\/www.diston.cz\/author\/#Person","name":"","url":"https:\/\/www.diston.cz\/author\/","identifier":1,"image":{"@type":"ImageObject","@id":"https:\/\/secure.gravatar.com\/avatar\/93869824c8aa580f0d16049ad31e69846ffc925e0cbb2826cc9554f53943da69?s=96&d=mm&r=g","url":"https:\/\/secure.gravatar.com\/avatar\/93869824c8aa580f0d16049ad31e69846ffc925e0cbb2826cc9554f53943da69?s=96&d=mm&r=g","height":96,"width":96}},"publisher":{"@type":"Organization","name":"diston.cz","logo":{"@type":"ImageObject","@id":"\/logo.png","url":"\/logo.png","width":600,"height":60}},"image":{"@type":"ImageObject","@id":"https:\/\/www.diston.cz\/wp-content\/uploads\/img_a331870_w2509_t1544361235.jpg","url":"https:\/\/www.diston.cz\/wp-content\/uploads\/img_a331870_w2509_t1544361235.jpg","height":0,"width":0},"url":"https:\/\/www.diston.cz\/jak-by-mela-vypadat-kuchyn\/","about":["D\u016fm a byt"],"wordCount":445,"articleBody":"Za\u0159\u00eddit si kuchy\u0148 zcela podle sv\u00fdch p\u0159edstav je dobr\u00fd po\u010din, i kdy\u017e m\u016f\u017ee l\u00e9zt do pen\u011bz. V tomto p\u0159\u00edpad\u011b se ale \u0161et\u0159it nevyplat\u00ed, jeliko\u017e se jedn\u00e1 o m\u00edstnost, kde se nejen va\u0159\u00ed a konzumuje j\u00eddlo, ale \u010dasto si sem vod\u00edme i n\u00e1v\u0161t\u011bvy. Proto by m\u011bla b\u00fdt kuchy\u0148 nejen pln\u011b funk\u010dn\u00ed, ale rovn\u011b\u017e by m\u011bla m\u00edt reprezentativn\u00ed vzhled.\tObklady\tV dob\u0159e za\u0159\u00edzen\u00e9 kuchyni by nem\u011blo chyb\u011bt kvalitn\u00ed oblo\u017een\u00ed, nejl\u00e9pe ve form\u011b kachli\u010dek. Pokud nechcete utr\u00e1cet, m\u016f\u017eete s\u00e1hnout po tapet\u00e1ch, kter\u00e9 se do kuchyn\u011b tak\u00e9 hod\u00ed. Je v\u0161ak nutn\u00e9 vybrat si speci\u00e1ln\u00ed druh, kter\u00fd je ur\u010den do kuchyn\u011b, p\u0159\u00edpadn\u011b do koupelny. P\u0159i va\u0159en\u00ed toti\u017e vznik\u00e1 mnoho p\u00e1ry, kter\u00fd by mohla zp\u016fsobovat ni\u010den\u00ed tapet.\tSpot\u0159ebi\u010de\tSpot\u0159ebi\u010de jsou z\u00e1kladn\u00edm pil\u00ed\u0159em ka\u017ed\u00e9 kuchyn\u011b. V n\u011b\u010dem va\u0159it mus\u00edte. Co v\u0161ak ur\u010dit\u011b nemus\u00edte je koupit si jich iks. Zvl\u00e1\u0161t\u011b, pokud m\u00e1te men\u0161\u00ed kuchy\u0148ku v\u00e1m budou jednotliv\u00e9 spot\u0159ebi\u010de sp\u00ed\u0161e vadit, ne\u017e aby v\u00e1m p\u0159i va\u0159en\u00ed pom\u00e1hali. Proto je dobr\u00e9 si koupit jeden dva, kter\u00e9 dok\u00e1\u017e\u00ed zastat v\u00edce pr\u00e1ce. Dobr\u00fdm p\u0159\u00edkladem za v\u0161echny je kup\u0159\u00edkladu multifunk\u010dn\u00ed mikrovlnn\u00e1 trouba, kter\u00e1 funguje nejen k oh\u0159\u00edv\u00e1n\u00ed pokrm\u016f, ale m\u016f\u017eete v n\u00ed nap\u0159\u00edklad i p\u00e9ct nebo grilovat.\t\tSv\u011btlo\tBez kvalitn\u00ed osv\u011btlen\u00ed si neud\u011bl\u00e1te ani housku se sal\u00e1mem, nato\u017e abyste zvl\u00e1dli vykouzlit mnohem slo\u017eit\u011bj\u0161\u00ed pokrmy. D\u016fle\u017eit\u00e9 je m\u00edt dob\u0159e osv\u011btlenou nejen samotnou kuchy\u0148, ale tak\u00e9 pracovn\u00ed plochu. Proto je dobr\u00e9 nainstalovat bodov\u00e1 sv\u011btla do sk\u0159\u00edn\u011bk nad linkou, kter\u00e1 budou fungovat jako dal\u0161\u00ed sv\u011bteln\u00fd zdroj.\tV\u016fn\u011b\tKdy\u017e nebudeme po\u010d\u00edtat soci\u00e1ln\u00ed za\u0159\u00edzen\u00ed, nejv\u00edce pach\u016f se v byt\u011b se generuje pr\u00e1v\u011b v kuchyni. A ne v\u017edy se jedn\u00e1 o p\u0159\u00edjemnou v\u016fni. Ka\u017ed\u00e9mu se ob\u010das stane, \u017ee n\u011bco p\u0159ip\u00e1l\u00ed. Proto je vhodn\u00e9 m\u00edt v kuchyni kvalitn\u00ed digesto\u0159, kter\u00e1 v re\u00e1ln\u00e9m \u010dase bude v\u0161echny pachy nas\u00e1vat. Rozhodn\u011b nic nezkaz\u00edte ani t\u00edm, kdy\u017e ob\u010das pou\u017eijete vonnou sv\u00ed\u010dku. Nem\u011blo by se v\u0161ak jednat o \u017e\u00e1dnou silnou \u0161tiplavou v\u016fni. Ta toti\u017e nemus\u00ed j\u00edt pod nos dal\u0161\u00edm obyvatel\u016fm obydl\u00ed a nav\u00edc jej\u00ed v\u016fni budete hodn\u011b dlouho vyv\u011btr\u00e1vat.                                                                                                                                                                                                                                                                                                                                                                                        4.7\/5 - (6 votes)        "},{"@context":"https:\/\/schema.org\/","@type":"BreadcrumbList","itemListElement":[{"@type":"ListItem","position":1,"name":"Jak by m\u011bla vypadat kuchy\u0148?","item":"https:\/\/www.diston.cz\/jak-by-mela-vypadat-kuchyn\/#breadcrumbitem"}]}]